{"id":954,"date":"2025-04-05T23:35:53","date_gmt":"2025-04-05T23:35:53","guid":{"rendered":"https:\/\/fabiofon.com\/distribuidos\/?p=954"},"modified":"2025-04-06T22:08:56","modified_gmt":"2025-04-06T22:08:56","slug":"agronegocio","status":"publish","type":"post","link":"https:\/\/fabiofon.com\/distribuidos\/agronegocio\/","title":{"rendered":"Agroneg\u00f3cio"},"content":{"rendered":"\n<p class=\"marcatexto has-large-font-size\" style=\"font-style:normal;font-weight:800\"><a href=\"https:\/\/ubqub.com\/videos\/agronegocio\" target=\"_blank\" rel=\"noreferrer noopener\">https:\/\/ubqub.com\/videos\/agronegocio<\/a><\/p>\n\n\n\n<p>2024<\/p>\n\n\n\n<p class=\"marcatexto\">Registro de performance transmitida pela Internet, realizada durante a 4\u00aa Bienal de Arte e Cultura de Jaboticabal.<br>O filme edita os passos do artista Evandro Nicolau percorrendo uma rota desenhada no mapa que liga zona rural \u00e0 \u00e1rea urbana da cidade de Jaboticabal, tra\u00e7ando um desenho geolocalizado do oeste ao leste. A caminhada se iniciou ao nascer do sol no Mirante de Ibitiram (estrada Jaboticabal &#8211; Ibitirama) a e terminou ao meio-dia do s\u00e1bado dia 07\/09\/2024 no centro da cidade no desfile de 7 de setembro na Rua Rui Barbosa.<\/p>\n\n\n\n<p class=\"marcatexto\">A Performance foi realizada uma semana depois de uma s\u00e9rie de inc\u00eandios nos canaviais do interior do estado e da regi\u00e3o. Os inc\u00eandios, sem precedentes ocorreram dia 30\/08\/2024.<\/p>\n\n\n\n<div style=\"height:100px\" aria-hidden=\"true\" class=\"wp-block-spacer\"><\/div>\n\n\n\n<div class=\"wp-block-columns is-layout-flex wp-container-core-columns-is-layout-28f84493 wp-block-columns-is-layout-flex\">\n<div class=\"wp-block-column is-layout-flow wp-block-column-is-layout-flow\">\n<p class=\"titulobio has-x-large-font-size\">Evandro Nicolau<\/p>\n<\/div>\n\n\n\n<div class=\"wp-block-column is-layout-flow wp-block-column-is-layout-flow\">\n<p class=\"has-text-align-right marcatexto\">SP<\/p>\n<\/div>\n<\/div>\n\n\n\n<p class=\"marcatexto\">P\u00f3s-Doutor pelo IA Unesp, Doutor e Mestre pelo PGEHA USP, com Est\u00e1gio Acad\u00eamico na The Edinburgh University no programa Art Space + Nature, Esc\u00f3cia, UK. Artes Visuais pelo IA UNESP. Educador no MAC USP e professor no Bacharelado Interdisciplinar em Ci\u00eancias do Trabalho na escola de na Faculdade DIEESE, membro pesquisador do MediaLab\/BR. Criador da rede \u00e9tica, art\u00edstica e ecol\u00f3gia ubqub.com<br>Artista das linguagens e das artes todas. Em busca de colaborar para um mundo livre, saud\u00e1vel e s\u00e3o!<\/p>\n\n\n\n<p class=\"marcatexto\"><\/p>\n\n\n\n<p><a href=\"https:\/\/evandronicolau.blogspot.com\" target=\"_blank\" rel=\"noreferrer noopener\">evandronicolau.blogspot.com<\/a><\/p>\n","protected":false},"excerpt":{"rendered":"<p>https:\/\/ubqub.com\/videos\/agronegocio 2024 Registro de performance transmitida pela Internet, realizada durante a 4\u00aa Bienal de Arte e Cultura de Jaboticabal.O filme edita os passos do artista Evandro Nicolau percorrendo uma rota desenhada no mapa que liga zona rural \u00e0 \u00e1rea urbana da cidade de Jaboticabal, tra\u00e7ando um desenho geolocalizado do oeste ao leste. A caminhada se [&hellip;]<\/p>\n","protected":false},"author":1,"featured_media":0,"comment_status":"closed","ping_status":"closed","sticky":false,"template":"","format":"standard","meta":{"footnotes":""},"categories":[1],"tags":[],"class_list":["post-954","post","type-post","status-publish","format-standard","hentry","category-uncategorized"],"_links":{"self":[{"href":"https:\/\/fabiofon.com\/distribuidos\/wp-json\/wp\/v2\/posts\/954","targetHints":{"allow":["GET"]}}],"collection":[{"href":"https:\/\/fabiofon.com\/distribuidos\/wp-json\/wp\/v2\/posts"}],"about":[{"href":"https:\/\/fabiofon.com\/distribuidos\/wp-json\/wp\/v2\/types\/post"}],"author":[{"embeddable":true,"href":"https:\/\/fabiofon.com\/distribuidos\/wp-json\/wp\/v2\/users\/1"}],"replies":[{"embeddable":true,"href":"https:\/\/fabiofon.com\/distribuidos\/wp-json\/wp\/v2\/comments?post=954"}],"version-history":[{"count":3,"href":"https:\/\/fabiofon.com\/distribuidos\/wp-json\/wp\/v2\/posts\/954\/revisions"}],"predecessor-version":[{"id":983,"href":"https:\/\/fabiofon.com\/distribuidos\/wp-json\/wp\/v2\/posts\/954\/revisions\/983"}],"wp:attachment":[{"href":"https:\/\/fabiofon.com\/distribuidos\/wp-json\/wp\/v2\/media?parent=954"}],"wp:term":[{"taxonomy":"category","embeddable":true,"href":"https:\/\/fabiofon.com\/distribuidos\/wp-json\/wp\/v2\/categories?post=954"},{"taxonomy":"post_tag","embeddable":true,"href":"https:\/\/fabiofon.com\/distribuidos\/wp-json\/wp\/v2\/tags?post=954"}],"curies":[{"name":"wp","href":"https:\/\/api.w.org\/{rel}","templated":true}]}}